{"id":4285,"date":"2026-05-01T08:54:10","date_gmt":"2026-05-01T11:54:10","guid":{"rendered":"https:\/\/is68-sfe.infd.edu.ar\/sitio\/?p=4285"},"modified":"2026-05-01T08:54:12","modified_gmt":"2026-05-01T11:54:12","slug":"1-de-mayo-un-dia-para-honrar-el-trabajo-y-nuestra-ley-fundamental","status":"publish","type":"post","link":"https:\/\/is68-sfe.infd.edu.ar\/sitio\/1-de-mayo-un-dia-para-honrar-el-trabajo-y-nuestra-ley-fundamental\/","title":{"rendered":"1\u00b0 de Mayo: Un d\u00eda para honrar el trabajo y nuestra ley fundamental."},"content":{"rendered":"\n<p>Se conmemora una fecha doblemente significativa para nuestra naci\u00f3n. Recordamos el <strong>D\u00eda del Trabajo<\/strong>, rindiendo homenaje a quienes con su esfuerzo diario construyen el futuro de nuestro pa\u00eds.<\/p>\n\n\n\n<p>Pero tambi\u00e9n, cada 1\u00b0 de mayo conmemoramos la sanci\u00f3n de nuestra <strong>Constituci\u00f3n Nacional de 1853<\/strong>. Un hito que nos organiz\u00f3 como sociedad, garantizando derechos y estableciendo los cimientos de la justicia y la libertad que hoy defendemos en las aulas.<\/p>\n\n\n\n<p>Como formadores, reafirmamos nuestro compromiso con la educaci\u00f3n como el trabajo m\u00e1s transformador de todos. \u00a1Feliz d\u00eda a toda nuestra comunidad educativa!<\/p>\n\n\n\n<p>#IS68 #DiaDelTrabajador #ConstitucionNacional #EducacionSuperior #FormacionDocente #Argentina<\/p>\n","protected":false},"excerpt":{"rendered":"<p>Se conmemora una fecha doblemente significativa para nuestra naci\u00f3n. Recordamos el D\u00eda del Trabajo, rindiendo homenaje a quienes con su esfuerzo diario construyen el futuro de nuestro pa\u00eds. Pero tambi\u00e9n, cada 1\u00b0 de mayo conmemoramos la sanci\u00f3n de nuestra Constituci\u00f3n Nacional de 1853. Un hito que nos organiz\u00f3 como sociedad, garantizando derechos y estableciendo los &#8230; <a title=\"1\u00b0 de Mayo: Un d\u00eda para honrar el trabajo y nuestra ley fundamental.\" class=\"read-more\" href=\"https:\/\/is68-sfe.infd.edu.ar\/sitio\/1-de-mayo-un-dia-para-honrar-el-trabajo-y-nuestra-ley-fundamental\/\" aria-label=\"More on 1\u00b0 de Mayo: Un d\u00eda para honrar el trabajo y nuestra ley fundamental.\">[+]<\/a><\/p>\n","protected":false},"author":104,"featured_media":4286,"comment_status":"closed","ping_status":"closed","sticky":false,"template":"","format":"standard","meta":[],"categories":[23],"tags":[],"acf":[],"_links":{"self":[{"href":"https:\/\/is68-sfe.infd.edu.ar\/sitio\/wp-json\/wp\/v2\/posts\/4285"}],"collection":[{"href":"https:\/\/is68-sfe.infd.edu.ar\/sitio\/wp-json\/wp\/v2\/posts"}],"about":[{"href":"https:\/\/is68-sfe.infd.edu.ar\/sitio\/wp-json\/wp\/v2\/types\/post"}],"author":[{"embeddable":true,"href":"https:\/\/is68-sfe.infd.edu.ar\/sitio\/wp-json\/wp\/v2\/users\/104"}],"replies":[{"embeddable":true,"href":"https:\/\/is68-sfe.infd.edu.ar\/sitio\/wp-json\/wp\/v2\/comments?post=4285"}],"version-history":[{"count":1,"href":"https:\/\/is68-sfe.infd.edu.ar\/sitio\/wp-json\/wp\/v2\/posts\/4285\/revisions"}],"predecessor-version":[{"id":4287,"href":"https:\/\/is68-sfe.infd.edu.ar\/sitio\/wp-json\/wp\/v2\/posts\/4285\/revisions\/4287"}],"wp:featuredmedia":[{"embeddable":true,"href":"https:\/\/is68-sfe.infd.edu.ar\/sitio\/wp-json\/wp\/v2\/media\/4286"}],"wp:attachment":[{"href":"https:\/\/is68-sfe.infd.edu.ar\/sitio\/wp-json\/wp\/v2\/media?parent=4285"}],"wp:term":[{"taxonomy":"category","embeddable":true,"href":"https:\/\/is68-sfe.infd.edu.ar\/sitio\/wp-json\/wp\/v2\/categories?post=4285"},{"taxonomy":"post_tag","embeddable":true,"href":"https:\/\/is68-sfe.infd.edu.ar\/sitio\/wp-json\/wp\/v2\/tags?post=4285"}],"curies":[{"name":"wp","href":"https:\/\/api.w.org\/{rel}","templated":true}]}}