{"id":4210,"date":"2026-03-08T09:55:25","date_gmt":"2026-03-08T12:55:25","guid":{"rendered":"https:\/\/is68-sfe.infd.edu.ar\/sitio\/?p=4210"},"modified":"2026-03-08T09:55:27","modified_gmt":"2026-03-08T12:55:27","slug":"8-de-marzo-dia-internacional-de-la-mujer-trabajadora","status":"publish","type":"post","link":"https:\/\/is68-sfe.infd.edu.ar\/sitio\/8-de-marzo-dia-internacional-de-la-mujer-trabajadora\/","title":{"rendered":"8 de marzo \u2013 D\u00eda Internacional de la Mujer Trabajadora"},"content":{"rendered":"\n<p>El 8 de marzo recuerda las luchas hist\u00f3ricas de las mujeres trabajadoras que exigieron condiciones laborales dignas, igualdad de derechos y el reconocimiento de su rol fundamental en la sociedad. En 1910, durante la II Conferencia Internacional de Mujeres Socialistas realizada en Copenhague, la dirigente Clara Zetkin propuso establecer un d\u00eda internacional dedicado a las mujeres. Desde entonces, esta fecha se convirti\u00f3 en un s\u00edmbolo de lucha, organizaci\u00f3n y transformaci\u00f3n social.<\/p>\n\n\n\n<p>En la Argentina, numerosas mujeres fueron protagonistas de distintos procesos hist\u00f3ricos. Desde las luchas por la independencia hasta las huelgas, marchas y movilizaciones sociales, muchas se destacaron en la defensa de derechos y en la ampliaci\u00f3n de la participaci\u00f3n pol\u00edtica y social. Entre ellas podemos mencionar a Mariquita S\u00e1nchez de Thompson, Juana Azurduy, Julieta Lanteri y Virginia Bolten, quienes tuvieron un papel relevante en la vida p\u00fablica y en la defensa de derechos civiles, pol\u00edticos y laborales.<\/p>\n\n\n\n<p>A fines del siglo XIX y comienzos del XX, muchas mujeres impulsaron huelgas y movilizaciones en reclamo de jornadas laborales justas, igualdad salarial y acceso a la educaci\u00f3n. En el campo educativo, figuras como Juana Manso y Rosario Vera Pe\u00f1aloza promovieron la expansi\u00f3n de la educaci\u00f3n p\u00fablica, la formaci\u00f3n docente y la renovaci\u00f3n de las pr\u00e1cticas pedag\u00f3gicas.<\/p>\n\n\n\n<p>Foto: Virginia Bolten (1876 \u2013 1960). Archivo General de la Naci\u00f3n. Rep\u00fablica Argentina.<\/p>\n","protected":false},"excerpt":{"rendered":"<p>El 8 de marzo recuerda las luchas hist\u00f3ricas de las mujeres trabajadoras que exigieron condiciones laborales dignas, igualdad de derechos y el reconocimiento de su rol fundamental en la sociedad. En 1910, durante la II Conferencia Internacional de Mujeres Socialistas realizada en Copenhague, la dirigente Clara Zetkin propuso establecer un d\u00eda internacional dedicado a las &#8230; <a title=\"8 de marzo \u2013 D\u00eda Internacional de la Mujer Trabajadora\" class=\"read-more\" href=\"https:\/\/is68-sfe.infd.edu.ar\/sitio\/8-de-marzo-dia-internacional-de-la-mujer-trabajadora\/\" aria-label=\"More on 8 de marzo \u2013 D\u00eda Internacional de la Mujer Trabajadora\">[+]<\/a><\/p>\n","protected":false},"author":104,"featured_media":4211,"comment_status":"closed","ping_status":"closed","sticky":false,"template":"","format":"standard","meta":[],"categories":[23],"tags":[],"acf":[],"_links":{"self":[{"href":"https:\/\/is68-sfe.infd.edu.ar\/sitio\/wp-json\/wp\/v2\/posts\/4210"}],"collection":[{"href":"https:\/\/is68-sfe.infd.edu.ar\/sitio\/wp-json\/wp\/v2\/posts"}],"about":[{"href":"https:\/\/is68-sfe.infd.edu.ar\/sitio\/wp-json\/wp\/v2\/types\/post"}],"author":[{"embeddable":true,"href":"https:\/\/is68-sfe.infd.edu.ar\/sitio\/wp-json\/wp\/v2\/users\/104"}],"replies":[{"embeddable":true,"href":"https:\/\/is68-sfe.infd.edu.ar\/sitio\/wp-json\/wp\/v2\/comments?post=4210"}],"version-history":[{"count":1,"href":"https:\/\/is68-sfe.infd.edu.ar\/sitio\/wp-json\/wp\/v2\/posts\/4210\/revisions"}],"predecessor-version":[{"id":4212,"href":"https:\/\/is68-sfe.infd.edu.ar\/sitio\/wp-json\/wp\/v2\/posts\/4210\/revisions\/4212"}],"wp:featuredmedia":[{"embeddable":true,"href":"https:\/\/is68-sfe.infd.edu.ar\/sitio\/wp-json\/wp\/v2\/media\/4211"}],"wp:attachment":[{"href":"https:\/\/is68-sfe.infd.edu.ar\/sitio\/wp-json\/wp\/v2\/media?parent=4210"}],"wp:term":[{"taxonomy":"category","embeddable":true,"href":"https:\/\/is68-sfe.infd.edu.ar\/sitio\/wp-json\/wp\/v2\/categories?post=4210"},{"taxonomy":"post_tag","embeddable":true,"href":"https:\/\/is68-sfe.infd.edu.ar\/sitio\/wp-json\/wp\/v2\/tags?post=4210"}],"curies":[{"name":"wp","href":"https:\/\/api.w.org\/{rel}","templated":true}]}}